{"id":549,"date":"2020-08-10T09:38:19","date_gmt":"2020-08-10T08:38:19","guid":{"rendered":"http:\/\/www.finnerikvinje.no\/tunhovdfjorden\/?p=549"},"modified":"2020-08-10T09:45:23","modified_gmt":"2020-08-10T08:45:23","slug":"venneforeningen","status":"publish","type":"post","link":"http:\/\/www.finnerikvinje.no\/tunhovdfjorden\/?p=549","title":{"rendered":"Venneforeningen har et liv?"},"content":{"rendered":"<p>Det var i 2006 at gjennombruddet kom: Strendene langs fjorden gapte imot oss som et m\u00e5nelandskap, og mange av oss m\u00e5tte f.eks. oppgi planene om \u00e5 sette b\u00e5ten p\u00e5 vannet og dyrke et alminnelig b\u00e5tliv.<\/p>\n<p>Da var det noen av oss tenkte: Her m\u00e5 noe gj\u00f8res!<\/p>\n<p>Tunhovdfjordens venner organiserte seg til fordel for en rimelig vannstand i fjorden. Vi ville ikke finne oss i at kraftkommunen Nore og Uvdal \u00f8dela milj\u00f8et og en natur vi var glade i.<\/p>\n<p>I f\u00f8rste omgang etablerte vi et styre og samlet v\u00e5re krefter om et folkem\u00f8te i Folkvang i \u00d8ygardsgrend under mottoet \u00abM\u00f8t fram og vis styrke!\u00bb<\/p>\n<p>Resultatet var overveldende. Aldri har det m\u00f8tt fram flere som ville manifestere sin omsorg for Tunhovdfjorden. Det var et meget oppl\u00f8ftende initiativ.<\/p>\n<p>Og vi lyktes! Det ble arrangert flere informasjonsm\u00f8ter der vannstanden og reguleringsvilk\u00e5r var m\u00f8tetema, og vi fikk kraftproduksjonens fremste menn i tale \u2013 b\u00e5de lokalt og i rikspolitikken.<\/p>\n<p>I dag skriver vi 2020 , og jeg kjenner trang til \u00e5 uttrykke tilfredshet med det vi har oppn\u00e5dd: Denne sommeren har Tunhovdfjorden gitt oss alle de muligheter som vi trodde \u00e5 ha g\u00e5tt glipp av da tilstanden var som verst i 2006. I dag trives folk langs Tunhovdfjordens strender!<\/p>\n<p>Organisasjonsmessig har interesseforeningen Tunhovdfjordens venner ligget nede siden da. Det har v\u00e6rt vanskelig \u00e5 opprettholde noen kontinuerlig overv\u00e5king av fjorden, med vannstanden som eneste observasjonstema.<\/p>\n<p>Etter \u00e5 ha diskutert situasjonen har styret besluttet \u00e5 v\u00e6re \u00absovende\u00bb, men beredt til innsats hvis situasjonen fordrer det. Formelt sett er styret g\u00e5tt i oppl\u00f8sning, men kan alts\u00e5 tre i funksjon n\u00e5r situasjonen fordrer det. Styringsgruppen best\u00e5r n\u00e5 av en l\u00f8selig gruppe av interesserte menn: FE Vinje, OJ Hallingstad, Arnt Jakobsen, Knut Kolstad. Alle er bekjente for folk i Nore og Uvdal.<\/p>\n<p>Finn-Erik Vinje<\/p>\n","protected":false},"excerpt":{"rendered":"<p>Det var i 2006 at gjennombruddet kom: Strendene langs fjorden gapte imot oss som et m\u00e5nelandskap, og mange av oss m\u00e5tte f.eks. oppgi planene om \u00e5 sette b\u00e5ten p\u00e5 vannet og dyrke et alminnelig b\u00e5tliv. Da var det noen av oss tenkte: Her m\u00e5 noe gj\u00f8res! Tunhovdfjordens venner organiserte seg til fordel for en rimelig [&hellip;]<\/p>\n","protected":false},"author":2,"featured_media":0,"comment_status":"open","ping_status":"open","sticky":false,"template":"","format":"standard","meta":{"_monsterinsights_skip_tracking":false,"_monsterinsights_sitenote_active":false,"_monsterinsights_sitenote_note":"","_monsterinsights_sitenote_category":0,"footnotes":""},"categories":[1],"tags":[],"class_list":["post-549","post","type-post","status-publish","format-standard","hentry","category-uncategorized"],"_links":{"self":[{"href":"http:\/\/www.finnerikvinje.no\/tunhovdfjorden\/index.php?rest_route=\/wp\/v2\/posts\/549"}],"collection":[{"href":"http:\/\/www.finnerikvinje.no\/tunhovdfjorden\/index.php?rest_route=\/wp\/v2\/posts"}],"about":[{"href":"http:\/\/www.finnerikvinje.no\/tunhovdfjorden\/index.php?rest_route=\/wp\/v2\/types\/post"}],"author":[{"embeddable":true,"href":"http:\/\/www.finnerikvinje.no\/tunhovdfjorden\/index.php?rest_route=\/wp\/v2\/users\/2"}],"replies":[{"embeddable":true,"href":"http:\/\/www.finnerikvinje.no\/tunhovdfjorden\/index.php?rest_route=%2Fwp%2Fv2%2Fcomments&post=549"}],"version-history":[{"count":4,"href":"http:\/\/www.finnerikvinje.no\/tunhovdfjorden\/index.php?rest_route=\/wp\/v2\/posts\/549\/revisions"}],"predecessor-version":[{"id":553,"href":"http:\/\/www.finnerikvinje.no\/tunhovdfjorden\/index.php?rest_route=\/wp\/v2\/posts\/549\/revisions\/553"}],"wp:attachment":[{"href":"http:\/\/www.finnerikvinje.no\/tunhovdfjorden\/index.php?rest_route=%2Fwp%2Fv2%2Fmedia&parent=549"}],"wp:term":[{"taxonomy":"category","embeddable":true,"href":"http:\/\/www.finnerikvinje.no\/tunhovdfjorden\/index.php?rest_route=%2Fwp%2Fv2%2Fcategories&post=549"},{"taxonomy":"post_tag","embeddable":true,"href":"http:\/\/www.finnerikvinje.no\/tunhovdfjorden\/index.php?rest_route=%2Fwp%2Fv2%2Ftags&post=549"}],"curies":[{"name":"wp","href":"https:\/\/api.w.org\/{rel}","templated":true}]}}